{"id":52,"date":"2020-01-10T10:24:32","date_gmt":"2020-01-10T09:24:32","guid":{"rendered":"http:\/\/bildungszuschuss.ak-vorarlberg.at\/?p=52"},"modified":"2026-01-07T10:22:19","modified_gmt":"2026-01-07T09:22:19","slug":"berufsreife-studienberechtigung","status":"publish","type":"post","link":"https:\/\/www.bildungszuschuss.at\/?p=52","title":{"rendered":"Berufsreife\/Studien&shy;berechtigung"},"content":{"rendered":"<div id=\"pl-52\"  class=\"panel-layout\" ><div id=\"pg-52-0\"  class=\"panel-grid panel-no-style\" ><div id=\"pgc-52-0-0\"  class=\"panel-grid-cell\" ><div id=\"panel-52-0-0-0\" class=\"so-panel widget widget_sow-editor panel-first-child panel-last-child\" data-index=\"0\" ><div\n\t\t\t\n\t\t\tclass=\"so-widget-sow-editor so-widget-sow-editor-base\"\n\t\t\t\n\t\t>\n<div class=\"siteorigin-widget-tinymce textwidget\">\n\t<div id=\"pl-gbp5c49e3dd10b5f\" class=\"panel-layout\">\n<div id=\"pg-gbp5c49e3dd10b5f-0\" class=\"panel-grid panel-no-style\">\n<div class=\"entry-content\">\n<div id=\"pl-gb1108-5c4ec9f8ee012\" class=\"panel-layout\">\n<div id=\"pg-gb1108-5c4ec9f8ee012-0\" class=\"panel-grid panel-no-style\">\n<div id=\"pgc-gb1108-5c4ec9f8ee012-0-0\" class=\"panel-grid-cell\">\n<div id=\"panel-gb1108-5c4ec9f8ee012-0-0-0\" class=\"so-panel widget widget_sow-editor panel-first-child panel-last-child\" data-index=\"0\">\n<div class=\"so-widget-sow-editor so-widget-sow-editor-base\">\n<div class=\"siteorigin-widget-tinymce textwidget\">\n<p>Sie machen die Berufsreife- oder Studienberechtigungspr\u00fcfung? Wir f\u00f6rdern Ihr Engagement mit bis zu 2.100 Euro. Die F\u00f6rderung erhalten Sie, wenn Sie kostenpflichtige Vorbereitungskurse besuchen und alle F\u00e4cher erfolgreich abschlie\u00dfen.<\/p>\n<h3 id=\"heading_Voraussetzungen\">Voraussetzungen<\/h3>\n<ul>\n<li>Sie haben Ihren Hauptwohnsitz in Vorarlberg.<\/li>\n<li>Sie beziehen keine Pension.<\/li>\n<li>Ihre Kosten sind mindestens so hoch wie die pauschale F\u00f6rderung. Die Antragstellung ist jedoch auch bei niedrigeren Kosten m\u00f6glich.<\/li>\n<\/ul>\n<h3 id=\"heading__Foerderh_he\">F\u00f6rderh\u00f6he<\/h3>\n<p>Bei erfolgreicher Absolvierung der Berufsreife- bzw. Studien\u00adberechtigungs\u00adpr\u00fcfung betr\u00e4gt die pauschale F\u00f6rderung 2.100 Euro.<\/p>\n<h3 id=\"heading_Wann_und_wo_muss_ich_den_Antrag_stellen_\">Wann und wo muss ich den Antrag stellen?<\/h3>\n<p>Sie k\u00f6nnen den Antrag nach Ausbildungsbeginn bis sp\u00e4testens 3 Monate nach erfolgreichem Abschluss aller Pr\u00fcfungen stellen.<\/p>\n<p><b>Senden Sie den vollst\u00e4ndig ausgef\u00fcllten Antrag an<\/b><\/p>\n<p>Arbeiterkammer Vorarlberg<br \/>\nBildungszuschuss<br \/>\nWidnau 4<br \/>\n6800 Feldkirch<\/p>\n<p>oder per E-Mail an <a href=\"mailto:info@bildungszuschuss.at\">info@bildungszuschuss.at<\/a><\/p>\n<\/div>\n<\/div>\n<\/div>\n<\/div>\n<div id=\"pgc-gb1108-5c4ec9f8ee012-0-1\" class=\"panel-grid-cell\">\n<div id=\"panel-gb1108-5c4ec9f8ee012-0-1-0\" class=\"so-panel widget widget_sow-editor panel-first-child\" data-index=\"1\">\n<div class=\"panel-widget-style panel-widget-style-for-gb1108-5c4ec9f8ee012-0-1-0\">\n<div class=\"so-widget-sow-editor so-widget-sow-editor-base\"><\/div>\n<\/div>\n<\/div>\n<div id=\"panel-gb1108-5c4ec9f8ee012-0-1-1\" class=\"so-panel widget widget_text panel-last-child\" data-index=\"2\">\n<div class=\"panel-widget-style panel-widget-style-for-gb1108-5c4ec9f8ee012-0-1-1\">\n<div class=\"textwidget\">\n<p>&nbsp;<\/p>\n<\/div>\n<\/div>\n<\/div>\n<\/div>\n<\/div>\n<\/div>\n<\/div>\n<footer class=\"entry-meta\"><\/footer>\n<\/div>\n<\/div>\n<\/div>\n<\/div><\/div><\/div><div id=\"pgc-52-0-1\"  class=\"panel-grid-cell\" ><div id=\"panel-52-0-1-0\" class=\"so-panel widget widget_sow-image panel-first-child\" data-index=\"1\" ><div class=\"panel-widget-style panel-widget-style-for-52-0-1-0\" ><div\n\t\t\t\n\t\t\tclass=\"so-widget-sow-image so-widget-sow-image-default-8b5b6f678277-52\"\n\t\t\t\n\t\t>\n<div class=\"sow-image-container\">\n\t\t\t<a href=\"https:\/\/www.bildungszuschuss.at\/wp-content\/uploads\/bildungspraemie_2019.pdf\"\n\t\t\ttarget=\"_blank\" rel=\"noopener noreferrer\" \t\t>\n\t\t\t<img \n\tsrc=\"https:\/\/www.bildungszuschuss.at\/wp-content\/uploads\/2019\/01\/Berufsreife_AdobeStock.jpg\" width=\"350\" height=\"200\" srcset=\"https:\/\/www.bildungszuschuss.at\/wp-content\/uploads\/2019\/01\/Berufsreife_AdobeStock.jpg 350w, https:\/\/www.bildungszuschuss.at\/wp-content\/uploads\/2019\/01\/Berufsreife_AdobeStock-300x171.jpg 300w, https:\/\/www.bildungszuschuss.at\/wp-content\/uploads\/2019\/01\/Berufsreife_AdobeStock-150x86.jpg 150w\" sizes=\"(max-width: 350px) 100vw, 350px\" title=\"Berufsreife, Studienberechtigungspr\u00fcfung\n\u00a9Antonioguillem - stock.adobe.com\" alt=\"\u00a9Antonioguillem - stock.adobe.com\" \t\tclass=\"so-widget-image\"\/>\n\t\t\t<\/a><\/div>\n\n<\/div><\/div><\/div><div id=\"panel-52-0-1-1\" class=\"so-panel widget widget_sow-editor\" data-index=\"2\" ><div class=\"panel-widget-style panel-widget-style-for-52-0-1-1\" ><div\n\t\t\t\n\t\t\tclass=\"so-widget-sow-editor so-widget-sow-editor-base\"\n\t\t\t\n\t\t><h3 class=\"widget-title\">Downloads<\/h3>\n<div class=\"siteorigin-widget-tinymce textwidget\">\n\t<p><a href=\"https:\/\/www.bildungszuschuss.at\/wp-content\/uploads\/Antrag_Foerderung_Berufsreife_Studienberecht_2026.pdf\" target=\"_blank\" rel=\"noopener\">Antrag: Berufsreife\/Studienberechtigung<\/a><\/p>\n<p><a href=\"https:\/\/www.bildungszuschuss.at\/wp-content\/uploads\/FOL_Bildungpraemie_2026.pdf\" target=\"_blank\" rel=\"noopener\">Folder: Bildungspraemie<\/a><\/p>\n<p><a href=\"https:\/\/www.bildungszuschuss.at\/wp-content\/uploads\/Richtlinien_Bildungszuschuss_2026.pdf\" target=\"_blank\" rel=\"noopener\">Richtlinien Bildungszuschuss 2026\/2027<\/a><\/p>\n<p>&nbsp;<\/p>\n<\/div>\n<\/div><\/div><\/div><div id=\"panel-52-0-1-2\" class=\"so-panel widget widget_sow-editor panel-last-child\" data-index=\"3\" ><div class=\"panel-widget-style panel-widget-style-for-52-0-1-2\" ><div\n\t\t\t\n\t\t\tclass=\"so-widget-sow-editor so-widget-sow-editor-base\"\n\t\t\t\n\t\t><h3 class=\"widget-title\">Hinweis<\/h3>\n<div class=\"siteorigin-widget-tinymce textwidget\">\n\t<p>Auf die Gew\u00e4hrung einer F\u00f6rderung besteht kein Rechtsanspruch und sie erfolgt vorbehaltlich der verf\u00fcgbaren Mitteln.<\/p>\n<\/div>\n<\/div><\/div><\/div><\/div><\/div><\/div>","protected":false},"excerpt":{"rendered":"<p>F\u00fcr die erfolgreiche Absolvierung gibt es bis zu 2.100 Euro der Ausbildungskosten.<\/p>\n<p> <a class=\"continue-reading-link\" href=\"https:\/\/www.bildungszuschuss.at\/?p=52\"><span>Weiterlesen<\/span><i class=\"crycon-right-dir\"><\/i><\/a> <\/p>\n","protected":false},"author":1,"featured_media":59,"comment_status":"closed","ping_status":"closed","sticky":false,"template":"","format":"standard","meta":{"footnotes":""},"categories":[2],"tags":[],"class_list":["post-52","post","type-post","status-publish","format-standard","has-post-thumbnail","hentry","category-zuschuesse"],"_links":{"self":[{"href":"https:\/\/www.bildungszuschuss.at\/index.php?rest_route=\/wp\/v2\/posts\/52","targetHints":{"allow":["GET"]}}],"collection":[{"href":"https:\/\/www.bildungszuschuss.at\/index.php?rest_route=\/wp\/v2\/posts"}],"about":[{"href":"https:\/\/www.bildungszuschuss.at\/index.php?rest_route=\/wp\/v2\/types\/post"}],"author":[{"embeddable":true,"href":"https:\/\/www.bildungszuschuss.at\/index.php?rest_route=\/wp\/v2\/users\/1"}],"replies":[{"embeddable":true,"href":"https:\/\/www.bildungszuschuss.at\/index.php?rest_route=%2Fwp%2Fv2%2Fcomments&post=52"}],"version-history":[{"count":64,"href":"https:\/\/www.bildungszuschuss.at\/index.php?rest_route=\/wp\/v2\/posts\/52\/revisions"}],"predecessor-version":[{"id":672,"href":"https:\/\/www.bildungszuschuss.at\/index.php?rest_route=\/wp\/v2\/posts\/52\/revisions\/672"}],"wp:featuredmedia":[{"embeddable":true,"href":"https:\/\/www.bildungszuschuss.at\/index.php?rest_route=\/wp\/v2\/media\/59"}],"wp:attachment":[{"href":"https:\/\/www.bildungszuschuss.at\/index.php?rest_route=%2Fwp%2Fv2%2Fmedia&parent=52"}],"wp:term":[{"taxonomy":"category","embeddable":true,"href":"https:\/\/www.bildungszuschuss.at\/index.php?rest_route=%2Fwp%2Fv2%2Fcategories&post=52"},{"taxonomy":"post_tag","embeddable":true,"href":"https:\/\/www.bildungszuschuss.at\/index.php?rest_route=%2Fwp%2Fv2%2Ftags&post=52"}],"curies":[{"name":"wp","href":"https:\/\/api.w.org\/{rel}","templated":true}]}}