{"id":63,"date":"2020-01-28T14:20:41","date_gmt":"2020-01-28T13:20:41","guid":{"rendered":"http:\/\/bildungszuschuss.ak-vorarlberg.at\/?p=63"},"modified":"2026-01-07T10:54:10","modified_gmt":"2026-01-07T09:54:10","slug":"bildungspraemie-fuer-unternehmerinnen","status":"publish","type":"post","link":"https:\/\/www.bildungszuschuss.at\/?p=63","title":{"rendered":"Bildungspr\u00e4mie f\u00fcr Unternehmer\/innen"},"content":{"rendered":"<div id=\"pl-63\"  class=\"panel-layout\"><div id=\"pg-63-0\"  class=\"panel-grid panel-no-style\"><div id=\"pgc-63-0-0\"  class=\"panel-grid-cell\"><div id=\"panel-63-0-0-0\" class=\"so-panel widget widget_sow-editor panel-first-child panel-last-child\" data-index=\"0\"><div class=\"panel-widget-style panel-widget-style-for-63-0-0-0\"><div\n\t\t\t\n\t\t\tclass=\"so-widget-sow-editor so-widget-sow-editor-base\">\n<div class=\"siteorigin-widget-tinymce textwidget\">\n\t<div id=\"pl-gbp5c49e3dd10b5f\" class=\"panel-layout\">\n<div id=\"pg-gbp5c49e3dd10b5f-0\" class=\"panel-grid panel-no-style\">\n<p>Mit der Bildungspr\u00e4mie unterst\u00fctzen wir Sie als Unternehmer\/in, wenn Sie sich f\u00fcr Ihre Erwerbst\u00e4tigkeit weiter qualifizieren. Ziel der Ausbildung ist die Erlangung arbeitsmarktrelevanter Bildungsabschl\u00fcsse, die in gegenw\u00e4rtigen oder k\u00fcnftigen T\u00e4tigkeiten angewendet werden k\u00f6nnen.<\/p>\n<\/div>\n<\/div>\n<p><\/p><\/div><\/div><\/div><\/div><\/div><\/div><\/div><p> <a href=\"https:\/\/www.bildungszuschuss.at\/?p=63#more-63\" class=\"continue-reading-link\"><span>Weiterlesen<\/span><i class=\"crycon-right-dir\"><\/i><\/a><\/p>","protected":false},"excerpt":{"rendered":"<p>Berufsbegleitende Ausbildungen von UnternehmerInnen f\u00f6rdern wir mit bis zu 40 % der Kosten, max. 2.500 Euro.<\/p>\n<p> <a class=\"continue-reading-link\" href=\"https:\/\/www.bildungszuschuss.at\/?p=63\"><span>Weiterlesen<\/span><i class=\"crycon-right-dir\"><\/i><\/a> <\/p>\n","protected":false},"author":1,"featured_media":64,"comment_status":"closed","ping_status":"closed","sticky":false,"template":"","format":"standard","meta":{"footnotes":""},"categories":[2],"tags":[],"class_list":["post-63","post","type-post","status-publish","format-standard","has-post-thumbnail","hentry","category-zuschuesse"],"_links":{"self":[{"href":"https:\/\/www.bildungszuschuss.at\/index.php?rest_route=\/wp\/v2\/posts\/63","targetHints":{"allow":["GET"]}}],"collection":[{"href":"https:\/\/www.bildungszuschuss.at\/index.php?rest_route=\/wp\/v2\/posts"}],"about":[{"href":"https:\/\/www.bildungszuschuss.at\/index.php?rest_route=\/wp\/v2\/types\/post"}],"author":[{"embeddable":true,"href":"https:\/\/www.bildungszuschuss.at\/index.php?rest_route=\/wp\/v2\/users\/1"}],"replies":[{"embeddable":true,"href":"https:\/\/www.bildungszuschuss.at\/index.php?rest_route=%2Fwp%2Fv2%2Fcomments&post=63"}],"version-history":[{"count":64,"href":"https:\/\/www.bildungszuschuss.at\/index.php?rest_route=\/wp\/v2\/posts\/63\/revisions"}],"predecessor-version":[{"id":676,"href":"https:\/\/www.bildungszuschuss.at\/index.php?rest_route=\/wp\/v2\/posts\/63\/revisions\/676"}],"wp:featuredmedia":[{"embeddable":true,"href":"https:\/\/www.bildungszuschuss.at\/index.php?rest_route=\/wp\/v2\/media\/64"}],"wp:attachment":[{"href":"https:\/\/www.bildungszuschuss.at\/index.php?rest_route=%2Fwp%2Fv2%2Fmedia&parent=63"}],"wp:term":[{"taxonomy":"category","embeddable":true,"href":"https:\/\/www.bildungszuschuss.at\/index.php?rest_route=%2Fwp%2Fv2%2Fcategories&post=63"},{"taxonomy":"post_tag","embeddable":true,"href":"https:\/\/www.bildungszuschuss.at\/index.php?rest_route=%2Fwp%2Fv2%2Ftags&post=63"}],"curies":[{"name":"wp","href":"https:\/\/api.w.org\/{rel}","templated":true}]}}